{"provider_url": "https://www.aracruz.es.leg.br", "title": "EMENDA PARLAMENTAR", "html": "<p style=\"text-align: justify; \">A vereadora Adriana Guimar\u00e3es lan\u00e7ou um Edital de Chamamento P\u00fablico para selecionar escolas municipais de Aracruz que desenvolvam projetos pedag\u00f3gicos voltados \u00e0 preven\u00e7\u00e3o e ao enfrentamento da viol\u00eancia dom\u00e9stica. A iniciativa ser\u00e1 financiada com recursos de emenda parlamentar individual da pr\u00f3pria vereadora, fortalecendo a\u00e7\u00f5es educativas dentro do ambiente escolar.</p>\r\n<p style=\"text-align: justify; \">Cada escola selecionada receber\u00e1 R$ 25.000,00 (vinte e cinco mil reais), provenientes da emenda parlamentar individual da Vereadora Adriana Guimar\u00e3es, a serem aplicados exclusivamente na execu\u00e7\u00e3o do projeto aprovado, sendo 5 projetos.</p>\r\n<p style=\"text-align: justify; \">A sele\u00e7\u00e3o dos projetos acontecer\u00e1 conforme regras estabelecidas no\u00a0EDITAL N\u00ba 01/2025 -\u00a0\u201cEscola e Fam\u00edlia: Juntos na Luta contra a Viol\u00eancia Dom\u00e9stica\u201d\u00a0de responsabilidade do GABINETE DA VEREADORA ADRIANA GUIMAR\u00c3ES</p>\r\n<p style=\"text-align: center; \">\u00a0</p>\r\n<table class=\"listing\" style=\"text-align: left;\">\r\n<tbody>\r\n<tr><th style=\"text-align: center; \">FASE</th><th style=\"text-align: center; \">DESCRI\u00c7\u00c3O</th><th style=\"text-align: center; \">DATA DA PUBLICA\u00c7\u00c3O:</th><th style=\"text-align: center; \">ANEXO/DOWNLOAD</th></tr>\r\n<tr>\r\n<td style=\"text-align: center; \">ERRATA AO EDITAL N\u00ba 01 / 2025</td>\r\n<td style=\"text-align: justify; \">\r\n<p style=\"text-align: center; \">A Vereadora Adriana Guimar\u00e3es Machado, no uso de suas atribui\u00e7\u00f5es legais, torna p\u00fablica a presente ERRATA ao Edital n\u00ba 01 / 2025.\u00a0</p>\r\n</td>\r\n<td style=\"text-align: center; \">\r\n<p><span>17/11/2025</span>\u00a0</p>\r\n</td>\r\n<td style=\"text-align: center; \"><a title=\"\" href=\"https://www.aracruz.es.leg.br/atividade-legislativa/emenda-parlamentar/ERRATADOEDITAL.pdf\" class=\"internal-link\" target=\"_self\"><span><span><span><span><span>DOWNLOAD</span></span></span></span></span><span></span></a><a class=\"external-link\" href=\"http://forms.gle/GGYX9qEcpQ45hoVw7\" target=\"_self\" title=\"\"><span><span><span><span></span></span></span></span></a></td>\r\n</tr>\r\n<tr>\r\n<td style=\"text-align: center; \">LINK PARA INSCRI\u00c7\u00d5ES</td>\r\n<td style=\"text-align: justify; \">\r\n<p style=\"text-align: center; \">17/10/2025 \u00e0 04/11/2025</p>\r\n</td>\r\n<td style=\"text-align: center; \">\r\n<p><span>15/10/2025</span></p>\r\n</td>\r\n<td style=\"text-align: center; \"><a class=\"external-link\" href=\"http://forms.gle/GGYX9qEcpQ45hoVw7\" target=\"_self\" title=\"\"><span><span><span><span>INSCRI\u00c7</span>\u00d5ES</span></span></span></a></td>\r\n</tr>\r\n<tr>\r\n<td style=\"text-align: center; \">\r\n<p>EDITAL N\u00ba 01/2025</p>\r\n<p>\u201cEscola e Fam\u00edlia: Juntos na Luta contra a Viol\u00eancia<br />Dom\u00e9stica\u201d</p>\r\n</td>\r\n<td style=\"text-align: justify; \">\r\n<p style=\"text-align: center; \"><span><span><span>EDITAL CMA 001/2025</span></span></span></p>\r\n</td>\r\n<td style=\"text-align: center; \">\r\n<p><span>15/10/2025</span></p>\r\n</td>\r\n<td style=\"text-align: center; \"><span><span><span><a title=\"\" href=\"https://www.aracruz.es.leg.br/atividade-legislativa/emenda-parlamentar/Edital0012025GABINETEADRIANA.pdf\" class=\"internal-link\" target=\"_self\">DOWNLOAD</a></span></span></span></td>\r\n</tr>\r\n</tbody>\r\n</table>\r\n<p style=\"text-align: center; \">\u00a0</p>", "author_name": "", "version": "1.0", "author_url": "https://www.aracruz.es.leg.br/author/valmeida", "provider_name": "C\u00e2mara Municipal de Aracruz", "type": "rich"}